{"id":16962,"date":"2025-04-05T09:50:59","date_gmt":"2025-04-05T09:50:59","guid":{"rendered":"https:\/\/www.hellobebe.ecomhello.com\/?p=16962"},"modified":"2025-04-21T18:21:48","modified_gmt":"2025-04-21T18:21:48","slug":"autoentrepreneur-facture-sans-tva","status":"publish","type":"post","link":"https:\/\/www.formalizi.fr\/blog\/autoentrepreneur-facture-sans-tva\/","title":{"rendered":"Autoentrepreneur facture sans TVA et mentions importantes"},"content":{"rendered":"<div>\n<p>Vous \u00eates autoentrepreneur et vous vous interrogez sur la facturation sans TVA et les mentions l\u00e9gales \u00e0 inclure ? Cet article est fait pour vous.<\/p>\n<p>Voici les d\u00e9tails essentiels pour vous aider \u00e0 comprendre comment \u00e9tablir vos factures correctement tout en respectant la l\u00e9gislation en vigueur.<\/p>\n<h2>Qu&rsquo;est-ce qu&rsquo;une facture sans TVA pour un autoentrepreneur ?<\/h2>\n<p>Une <a href=\"https:\/\/www.formalizi.fr\/\">facture sans TVA<\/a>, c&rsquo;est une facture qui ne mentionne pas la taxe sur la valeur ajout\u00e9e. En tant qu&rsquo;autoentrepreneur, vous b\u00e9n\u00e9ficiez du r\u00e9gime de la franchise en base de TVA, ce qui signifie que vous ne collectez pas la TVA sur vos ventes. Cela peut sembler simple, mais il y a des r\u00e8gles \u00e0 respecter.<\/p>\n<p>En effet, vous devez indiquer clairement sur vos factures que vous n&rsquo;appliquez pas la TVA en raison de votre statut.<\/p>\n<h3>Comment mentionner l&rsquo;absence de TVA sur vos factures ?<\/h3>\n<p>Pour \u00eatre en r\u00e8gle, il est important d&rsquo;ajouter une mention sp\u00e9cifique sur vos factures.<\/p>\n<blockquote><p>Par exemple, vous pouvez \u00e9crire : \u00ab\u00a0TVA non applicable, article 293 B du CGI\u00a0\u00bb.<\/p><\/blockquote>\n<p>Cela permet \u00e0 vos clients de comprendre pourquoi la TVA n&rsquo;est pas incluse. De plus, cela vous prot\u00e8ge en cas de contr\u00f4le fiscal.<\/p>\n<h2>Quelles mentions l\u00e9gales doivent figurer sur une facture ?<\/h2>\n<p>Chaque facture doit comporter des mentions l\u00e9gales pr\u00e9cises. Voici les \u00e9l\u00e9ments indispensables :<\/p>\n<ul>\n<li><strong>Identit\u00e9 de l&rsquo;autoentrepreneur<\/strong> : nom, pr\u00e9nom, adresse, num\u00e9ro SIRET.<\/li>\n<li><strong>Identit\u00e9 du client<\/strong> : nom ou raison sociale, adresse.<\/li>\n<li><strong>Date de la facture<\/strong>.<\/li>\n<li><strong>Num\u00e9ro de la facture<\/strong> : il doit \u00eatre unique et suivre une s\u00e9quence chronologique.<\/li>\n<li><strong>Description des biens ou services<\/strong> fournis.<\/li>\n<li><strong>Montant total \u00e0 payer<\/strong>.<\/li>\n<\/ul>\n<p>En ajoutant ces mentions, vous vous assurez que votre facture est conforme aux exigences l\u00e9gales.<\/p>\n<h2>Pourquoi est-il important d&rsquo;inclure ces mentions l\u00e9gales ?<\/h2>\n<p>Incorporer les mentions l\u00e9gales sur vos factures n&rsquo;est pas qu&rsquo;une question de conformit\u00e9. Cela renforce votre cr\u00e9dibilit\u00e9 aupr\u00e8s de vos clients. Une facture bien r\u00e9dig\u00e9e montre que vous \u00eates professionnel et s\u00e9rieux dans votre activit\u00e9.<\/p>\n<p>De plus, en cas de litige, une facture compl\u00e8te peut servir de preuve.<\/p>\n<h3>Quelles sont les cons\u00e9quences d&rsquo;une facture mal r\u00e9dig\u00e9e ?<\/h3>\n<p>Si vous omettez des mentions l\u00e9gales ou si vous ne respectez pas les r\u00e8gles de facturation, vous risquez des sanctions. En effet, l&rsquo;administration fiscale peut vous imposer des amendes. De plus, vos clients peuvent refuser de payer une facture incompl\u00e8te.<\/p>\n<p>Cela peut nuire \u00e0 votre tr\u00e9sorerie et \u00e0 votre r\u00e9putation.<\/p>\n<h2>Comment \u00e9tablir une facture conforme en tant qu&rsquo;autoentrepreneur ?<\/h2>\n<p>Pour \u00e9tablir une facture conforme, suivez ces \u00e9tapes simples :<\/p>\n<ol>\n<li><strong>Cr\u00e9ez un mod\u00e8le de facture<\/strong> : utilisez un logiciel de facturation ou un mod\u00e8le Word.<\/li>\n<li><strong>Remplissez les informations<\/strong> : ajoutez vos coordonn\u00e9es, celles de votre client, la date et le num\u00e9ro de facture.<\/li>\n<li><strong>D\u00e9taillez les prestations<\/strong> : indiquez clairement ce que vous avez fourni.<\/li>\n<li><a href=\"https:\/\/www.formalizi.fr\/\"><strong>Ajoutez la mention de non-application de la TVA<\/strong><\/a> : n&rsquo;oubliez pas la phrase cl\u00e9.<\/li>\n<li><strong>V\u00e9rifiez l&rsquo;exactitude des montants<\/strong> : assurez-vous que tout est correct avant d&rsquo;envoyer.<\/li>\n<\/ol>\n<p>En respectant ces \u00e9tapes, vous vous assurez que vos factures sont en r\u00e8gle et pr\u00eates \u00e0 \u00eatre envoy\u00e9es.<\/p>\n<h2>Quels outils utiliser pour faciliter la facturation ?<\/h2>\n<p>Il existe plusieurs outils qui peuvent vous aider \u00e0 g\u00e9rer vos factures facilement. Voici quelques options populaires :<\/p>\n<p><strong>Logiciels de facturation<\/strong> : des outils qui permettent de cr\u00e9er des factures rapidement comme <a href=\"https:\/\/www.formalizi.fr\/\">Formalizi<\/a>.<\/p>\n<p><strong>Mod\u00e8les Excel<\/strong> : si vous pr\u00e9f\u00e9rez une solution simple, des <a href=\"https:\/\/www.formalizi.fr\/blog\/meilleurs-modeles-de-facture-excel-gratuits\/\">E<\/a> sont disponibles en ligne.<\/p>\n<p><strong>Applications mobiles<\/strong> : des applications comme Invoice2go vous permettent de facturer directement depuis votre smartphone. Vous pouvez vous connecter aussi \u00e0 votre compte Formalizi par t\u00e9l\u00e9phone et facturer ou consulter de partout.<\/p>\n<p>Ces outils vous feront gagner du temps et vous aideront \u00e0 rester organis\u00e9.<\/p>\n<h2>Comment g\u00e9rer les relances de paiement ?<\/h2>\n<p>Il arrive parfois que des clients ne paient pas \u00e0 temps. Voici quelques conseils pour g\u00e9rer les relances :<\/p>\n<ul>\n<li><strong>Envoyez un rappel amical<\/strong> : un simple email peut suffire.<\/li>\n<li><strong>Soyez clair sur les d\u00e9lais<\/strong> : indiquez une date limite pour le paiement.<\/li>\n<li><strong>Proposez des solutions<\/strong> : si un client a des difficult\u00e9s, discutez des options possibles.<\/li>\n<\/ul>\n<p>En adoptant une approche proactive, vous pouvez am\u00e9liorer vos chances de recevoir vos paiements \u00e0 temps.<\/p>\n<h2>Quelles sont les obligations fiscales d&rsquo;un autoentrepreneur ?<\/h2>\n<p>En tant qu&rsquo;autoentrepreneur, vous avez des obligations fiscales \u00e0 respecter. Voici les principales :<\/p>\n<p><strong>D\u00e9claration de chiffre d&rsquo;affaires<\/strong> : vous devez d\u00e9clarer vos revenus chaque mois ou chaque trimestre.<\/p>\n<p><strong>Tenue d&rsquo;un livre de recettes<\/strong> : il est important de garder une trace de toutes vos ventes.<\/p>\n<p><strong>Respect des seuils de chiffre d&rsquo;affaires<\/strong> : si vous d\u00e9passez certains seuils, vous devrez changer de r\u00e9gime fiscal.<\/p>\n<p>En respectant ces obligations, vous \u00e9vitez des complications avec l&rsquo;administration fiscale.<\/p>\n<h2>Comment se pr\u00e9parer \u00e0 un contr\u00f4le fiscal ?<\/h2>\n<p>Un contr\u00f4le fiscal est stressant, mais une bonne pr\u00e9paration peut vous aider \u00e0 le g\u00e9rer. Voici quelques conseils :<\/p>\n<p><strong>Conservez toutes vos factures<\/strong> : gardez une copie de toutes vos factures \u00e9mises et re\u00e7ues.<\/p>\n<p><strong>Tenez \u00e0 jour votre comptabilit\u00e9<\/strong> : assurez-vous que vos livres de comptes sont \u00e0 jour.<\/p>\n<p><strong>Soyez transparent<\/strong> : si un inspecteur vient, soyez honn\u00eate et coop\u00e9ratif.<\/p>\n<p>En \u00e9tant bien pr\u00e9par\u00e9, vous r\u00e9duisez le risque de probl\u00e8mes lors d&rsquo;un contr\u00f4le.<\/p>\n<h2>Conclusion<\/h2>\n<p>Ma\u00eetriser la facturation sans TVA et les mentions l\u00e9gales est important pour tout autoentrepreneur. Cela vous permet non seulement de rester en conformit\u00e9 avec la loi, mais aussi de renforcer votre cr\u00e9dibilit\u00e9 aupr\u00e8s de vos clients. En appliquant ces conseils, vous vous assurez une gestion fluide de votre activit\u00e9.<\/p>\n<p>N&rsquo;h\u00e9sitez pas \u00e0 consulter d&rsquo;autres articles sur notre site pour approfondir vos connaissances sur la gestion d&rsquo;une autoentreprise, la d\u00e9claration de chiffre d&rsquo;affaires, ou encore les astuces pour optimiser votre activit\u00e9.<\/p>\n<\/div>\n","protected":false},"excerpt":{"rendered":"<p>Vous \u00eates autoentrepreneur et vous vous interrogez sur la facturation sans TVA et les mentions l\u00e9gales \u00e0 inclure ? Cet article est fait pour vous. Voici les d\u00e9tails essentiels pour vous aider \u00e0 comprendre comment \u00e9tablir vos factures correctement tout en respectant la l\u00e9gislation en vigueur. Qu&rsquo;est-ce qu&rsquo;une facture sans TVA pour un autoentrepreneur ?&#8230;<\/p>\n","protected":false},"author":1,"featured_media":17178,"comment_status":"open","ping_status":"open","sticky":false,"template":"","format":"standard","meta":{"_kad_post_transparent":"default","_kad_post_title":"default","_kad_post_layout":"default","_kad_post_sidebar_id":"","_kad_post_content_style":"default","_kad_post_vertical_padding":"default","_kad_post_feature":"","_kad_post_feature_position":"","_kad_post_header":false,"_kad_post_footer":false,"_kad_post_classname":"","footnotes":""},"categories":[2],"tags":[],"class_list":["post-16962","post","type-post","status-publish","format-standard","has-post-thumbnail","hentry","category-aide-facturation"],"rttpg_featured_image_url":{"full":["https:\/\/www.formalizi.fr\/blog\/wp-content\/uploads\/2025\/04\/autoentrepreneur-facture-sans-tva.jpg",740,617,false],"landscape":["https:\/\/www.formalizi.fr\/blog\/wp-content\/uploads\/2025\/04\/autoentrepreneur-facture-sans-tva.jpg",740,617,false],"portraits":["https:\/\/www.formalizi.fr\/blog\/wp-content\/uploads\/2025\/04\/autoentrepreneur-facture-sans-tva.jpg",740,617,false],"thumbnail":["https:\/\/www.formalizi.fr\/blog\/wp-content\/uploads\/2025\/04\/autoentrepreneur-facture-sans-tva-150x150.jpg",150,150,true],"medium":["https:\/\/www.formalizi.fr\/blog\/wp-content\/uploads\/2025\/04\/autoentrepreneur-facture-sans-tva-300x250.jpg",300,250,true],"large":["https:\/\/www.formalizi.fr\/blog\/wp-content\/uploads\/2025\/04\/autoentrepreneur-facture-sans-tva.jpg",740,617,false],"1536x1536":["https:\/\/www.formalizi.fr\/blog\/wp-content\/uploads\/2025\/04\/autoentrepreneur-facture-sans-tva.jpg",740,617,false],"2048x2048":["https:\/\/www.formalizi.fr\/blog\/wp-content\/uploads\/2025\/04\/autoentrepreneur-facture-sans-tva.jpg",740,617,false]},"rttpg_author":{"display_name":false,"author_link":"https:\/\/www.formalizi.fr\/blog\/author\/thalia\/"},"rttpg_comment":0,"rttpg_category":"<a href=\"https:\/\/www.formalizi.fr\/blog\/aide-facturation\/\" rel=\"category tag\">Aide facturation Formalizi<\/a>","rttpg_excerpt":"Vous \u00eates autoentrepreneur et vous vous interrogez sur la facturation sans TVA et les mentions l\u00e9gales \u00e0 inclure ? Cet article est fait pour vous. Voici les d\u00e9tails essentiels pour vous aider \u00e0 comprendre comment \u00e9tablir vos factures correctement tout en respectant la l\u00e9gislation en vigueur. Qu&rsquo;est-ce qu&rsquo;une facture sans TVA pour un autoentrepreneur ?...","_links":{"self":[{"href":"https:\/\/www.formalizi.fr\/blog\/wp-json\/wp\/v2\/posts\/16962","targetHints":{"allow":["GET"]}}],"collection":[{"href":"https:\/\/www.formalizi.fr\/blog\/wp-json\/wp\/v2\/posts"}],"about":[{"href":"https:\/\/www.formalizi.fr\/blog\/wp-json\/wp\/v2\/types\/post"}],"author":[{"embeddable":true,"href":"https:\/\/www.formalizi.fr\/blog\/wp-json\/wp\/v2\/users\/1"}],"replies":[{"embeddable":true,"href":"https:\/\/www.formalizi.fr\/blog\/wp-json\/wp\/v2\/comments?post=16962"}],"version-history":[{"count":2,"href":"https:\/\/www.formalizi.fr\/blog\/wp-json\/wp\/v2\/posts\/16962\/revisions"}],"predecessor-version":[{"id":17738,"href":"https:\/\/www.formalizi.fr\/blog\/wp-json\/wp\/v2\/posts\/16962\/revisions\/17738"}],"wp:featuredmedia":[{"embeddable":true,"href":"https:\/\/www.formalizi.fr\/blog\/wp-json\/wp\/v2\/media\/17178"}],"wp:attachment":[{"href":"https:\/\/www.formalizi.fr\/blog\/wp-json\/wp\/v2\/media?parent=16962"}],"wp:term":[{"taxonomy":"category","embeddable":true,"href":"https:\/\/www.formalizi.fr\/blog\/wp-json\/wp\/v2\/categories?post=16962"},{"taxonomy":"post_tag","embeddable":true,"href":"https:\/\/www.formalizi.fr\/blog\/wp-json\/wp\/v2\/tags?post=16962"}],"curies":[{"name":"wp","href":"https:\/\/api.w.org\/{rel}","templated":true}]}}